{"id":18577,"date":"2024-06-30T09:11:29","date_gmt":"2024-06-30T06:11:29","guid":{"rendered":"https:\/\/forgetwhite.com\/?p=18577"},"modified":"2025-02-20T09:15:50","modified_gmt":"2025-02-20T07:15:50","slug":"doina-a-au-inceput-sa-creasca-fire-noi-de-culoare-inchisa","status":"publish","type":"post","link":"https:\/\/forgetwhite.com\/ro\/doina-a-au-inceput-sa-creasca-fire-noi-de-culoare-inchisa\/","title":{"rendered":"Doina A. &#8211; &#8220;au \u00eenceput s\u0103 creasc\u0103 fire noi de culoare \u00eenchis\u0103&#8221;"},"content":{"rendered":"<div class=\"wpb-content-wrapper\"><p>[vc_row][vc_column][vc_column_text css=&#8221;&#8221; css_params=&#8221;&#8221;]V\u0103 trimit c\u00e2teva poze f\u0103cute la sf\u00e2r\u0219itul perioadei de aplicare a produsului, din 17 aprilie p\u00e2n\u0103 la 28 mai. Pe la jum\u0103tatea perioadei m-am tuns \u0219i am sc\u0103pat de p\u0103rul vopsit. Am observat mai bine c\u0103 au \u00eenceput s\u0103 creasc\u0103 fire noi de culoare \u00eenchis\u0103, firul este foarte aspru, p\u0103rul este mai des. Sunt extrem de mul\u021bumit\u0103 de produs \u0219i-mi place noua mea \u00eenf\u0103\u021bi\u0219are! Sunt natural\u0103! V\u0103 mul\u021bumesc![\/vc_column_text][\/vc_column][\/vc_row][vc_row][vc_column width=&#8221;1\/2&#8243;][vc_column_text css=&#8221;.vc_custom_1739356626786{margin-bottom: 0px !important;}&#8221; css_params=&#8221;&#8221;]<\/p>\n<p style=\"text-align: center;\"><span style=\"font-size: 22px;\"><strong>\u00cenainte<\/strong><\/span><\/p>\n<p>[\/vc_column_text][vc_gallery interval=&#8221;3&#8243; images=&#8221;18578,18580,18582,18584&#8243; img_size=&#8221;large&#8221; css=&#8221;&#8221; css_params=&#8221;&#8221;][\/vc_column][vc_column width=&#8221;1\/2&#8243;][vc_column_text css=&#8221;.vc_custom_1739356619476{margin-bottom: 0px !important;}&#8221; css_params=&#8221;&#8221;]<\/p>\n<p style=\"text-align: center;\"><span style=\"font-size: 22px;\"><strong>Dup\u0103<\/strong><\/span><\/p>\n<p>[\/vc_column_text][vc_gallery interval=&#8221;3&#8243; images=&#8221;18586,18588,18590,18592&#8243; img_size=&#8221;large&#8221; css=&#8221;&#8221; css_params=&#8221;&#8221;][\/vc_column][\/vc_row]<\/p>\n<\/div>","protected":false},"excerpt":{"rendered":"<p>[vc_row][vc_column][vc_column_text css=&#8221;&#8221; css_params=&#8221;&#8221;]V\u0103 trimit c\u00e2teva poze f\u0103cute la sf\u00e2r\u0219itul perioadei de aplicare a produsului, din 17 aprilie p\u00e2n\u0103 la 28 mai. Pe la jum\u0103tatea perioadei m-am tuns \u0219i am sc\u0103pat de p\u0103rul vopsit. Am observat mai bine c\u0103 au \u00eenceput s\u0103 creasc\u0103 fire noi de culoare \u00eenchis\u0103, firul este foarte aspru, p\u0103rul este mai des. [&hellip;]<\/p>\n","protected":false},"author":3981736624085205,"featured_media":18588,"comment_status":"open","ping_status":"closed","sticky":false,"template":"","format":"quote","meta":{"footnotes":""},"categories":[76],"tags":[],"class_list":["post-18577","post","type-post","status-publish","format-quote","has-post-thumbnail","hentry","category-testimoniale","post_format-post-format-quote"],"featured_image_src":{"landsacpe":["https:\/\/forgetwhite.com\/wp-content\/uploads\/Albulet-dupa-2-899x445.jpg",899,445,true],"list":["https:\/\/forgetwhite.com\/wp-content\/uploads\/Albulet-dupa-2-463x348.jpg",463,348,true],"medium":["https:\/\/forgetwhite.com\/wp-content\/uploads\/Albulet-dupa-2-169x300.jpg",169,300,true],"full":["https:\/\/forgetwhite.com\/wp-content\/uploads\/Albulet-dupa-2.jpg",899,1599,false]},"yoast_head":"<!-- This site is optimized with the Yoast SEO plugin v27.5 - https:\/\/yoast.com\/product\/yoast-seo-wordpress\/ -->\n<title>Doina A. - &quot;au \u00eenceput s\u0103 creasc\u0103 fire noi de culoare \u00eenchis\u0103&quot; - Forget White<\/title>\n<meta name=\"robots\" content=\"noindex, follow\" \/>\n<meta property=\"og:locale\" content=\"ro_RO\" \/>\n<meta property=\"og:type\" content=\"article\" \/>\n<meta property=\"og:title\" content=\"Doina A. - &quot;au \u00eenceput s\u0103 creasc\u0103 fire noi de culoare \u00eenchis\u0103&quot; - Forget White\" \/>\n<meta property=\"og:description\" content=\"[vc_row][vc_column][vc_column_text css=&#8221;&#8221; css_params=&#8221;&#8221;]V\u0103 trimit c\u00e2teva poze f\u0103cute la sf\u00e2r\u0219itul perioadei de aplicare a produsului, din 17 aprilie p\u00e2n\u0103 la 28 mai. Pe la jum\u0103tatea perioadei m-am tuns \u0219i am sc\u0103pat de p\u0103rul vopsit. Am observat mai bine c\u0103 au \u00eenceput s\u0103 creasc\u0103 fire noi de culoare \u00eenchis\u0103, firul este foarte aspru, p\u0103rul este mai des. [&hellip;]\" \/>\n<meta property=\"og:url\" content=\"https:\/\/forgetwhite.com\/ro\/doina-a-au-inceput-sa-creasca-fire-noi-de-culoare-inchisa\/\" \/>\n<meta property=\"og:site_name\" content=\"Forget White\" \/>\n<meta property=\"article:publisher\" content=\"https:\/\/www.facebook.com\/ForgetWhiteHair\" \/>\n<meta property=\"article:published_time\" content=\"2024-06-30T06:11:29+00:00\" \/>\n<meta property=\"article:modified_time\" content=\"2025-02-20T07:15:50+00:00\" \/>\n<meta property=\"og:image\" content=\"https:\/\/forgetwhite.com\/wp-content\/uploads\/Albulet-dupa-2.jpg\" \/>\n\t<meta property=\"og:image:width\" content=\"899\" \/>\n\t<meta property=\"og:image:height\" content=\"1599\" \/>\n\t<meta property=\"og:image:type\" content=\"image\/jpeg\" \/>\n<meta name=\"author\" content=\"Forget White\" \/>\n<meta name=\"twitter:card\" content=\"summary_large_image\" \/>\n<meta name=\"twitter:label1\" content=\"Scris de\" \/>\n\t<meta name=\"twitter:data1\" content=\"Forget White\" \/>\n\t<meta name=\"twitter:label2\" content=\"Timp estimat pentru citire\" \/>\n\t<meta name=\"twitter:data2\" content=\"Un minut\" \/>\n<script type=\"application\/ld+json\" class=\"yoast-schema-graph\">{\"@context\":\"https:\\\/\\\/schema.org\",\"@graph\":[{\"@type\":\"Article\",\"@id\":\"https:\\\/\\\/forgetwhite.com\\\/ro\\\/doina-a-au-inceput-sa-creasca-fire-noi-de-culoare-inchisa\\\/#article\",\"isPartOf\":{\"@id\":\"https:\\\/\\\/forgetwhite.com\\\/ro\\\/doina-a-au-inceput-sa-creasca-fire-noi-de-culoare-inchisa\\\/\"},\"author\":{\"name\":\"Forget White\",\"@id\":\"https:\\\/\\\/forgetwhite.com\\\/ro\\\/#\\\/schema\\\/person\\\/53b1a3e6131504edfbb35689ac53ca86\"},\"headline\":\"Doina A. &#8211; &#8220;au \u00eenceput s\u0103 creasc\u0103 fire noi de culoare \u00eenchis\u0103&#8221;\",\"datePublished\":\"2024-06-30T06:11:29+00:00\",\"dateModified\":\"2025-02-20T07:15:50+00:00\",\"mainEntityOfPage\":{\"@id\":\"https:\\\/\\\/forgetwhite.com\\\/ro\\\/doina-a-au-inceput-sa-creasca-fire-noi-de-culoare-inchisa\\\/\"},\"wordCount\":172,\"commentCount\":0,\"publisher\":{\"@id\":\"https:\\\/\\\/forgetwhite.com\\\/ro\\\/#organization\"},\"image\":{\"@id\":\"https:\\\/\\\/forgetwhite.com\\\/ro\\\/doina-a-au-inceput-sa-creasca-fire-noi-de-culoare-inchisa\\\/#primaryimage\"},\"thumbnailUrl\":\"https:\\\/\\\/forgetwhite.com\\\/wp-content\\\/uploads\\\/Albulet-dupa-2.jpg\",\"articleSection\":[\"Testimoniale\"],\"inLanguage\":\"ro-RO\",\"potentialAction\":[{\"@type\":\"CommentAction\",\"name\":\"Comment\",\"target\":[\"https:\\\/\\\/forgetwhite.com\\\/ro\\\/doina-a-au-inceput-sa-creasca-fire-noi-de-culoare-inchisa\\\/#respond\"]}]},{\"@type\":\"WebPage\",\"@id\":\"https:\\\/\\\/forgetwhite.com\\\/ro\\\/doina-a-au-inceput-sa-creasca-fire-noi-de-culoare-inchisa\\\/\",\"url\":\"https:\\\/\\\/forgetwhite.com\\\/ro\\\/doina-a-au-inceput-sa-creasca-fire-noi-de-culoare-inchisa\\\/\",\"name\":\"Doina A. - \\\"au \u00eenceput s\u0103 creasc\u0103 fire noi de culoare \u00eenchis\u0103\\\" - Forget White\",\"isPartOf\":{\"@id\":\"https:\\\/\\\/forgetwhite.com\\\/ro\\\/#website\"},\"primaryImageOfPage\":{\"@id\":\"https:\\\/\\\/forgetwhite.com\\\/ro\\\/doina-a-au-inceput-sa-creasca-fire-noi-de-culoare-inchisa\\\/#primaryimage\"},\"image\":{\"@id\":\"https:\\\/\\\/forgetwhite.com\\\/ro\\\/doina-a-au-inceput-sa-creasca-fire-noi-de-culoare-inchisa\\\/#primaryimage\"},\"thumbnailUrl\":\"https:\\\/\\\/forgetwhite.com\\\/wp-content\\\/uploads\\\/Albulet-dupa-2.jpg\",\"datePublished\":\"2024-06-30T06:11:29+00:00\",\"dateModified\":\"2025-02-20T07:15:50+00:00\",\"breadcrumb\":{\"@id\":\"https:\\\/\\\/forgetwhite.com\\\/ro\\\/doina-a-au-inceput-sa-creasca-fire-noi-de-culoare-inchisa\\\/#breadcrumb\"},\"inLanguage\":\"ro-RO\",\"potentialAction\":[{\"@type\":\"ReadAction\",\"target\":[\"https:\\\/\\\/forgetwhite.com\\\/ro\\\/doina-a-au-inceput-sa-creasca-fire-noi-de-culoare-inchisa\\\/\"]}]},{\"@type\":\"ImageObject\",\"inLanguage\":\"ro-RO\",\"@id\":\"https:\\\/\\\/forgetwhite.com\\\/ro\\\/doina-a-au-inceput-sa-creasca-fire-noi-de-culoare-inchisa\\\/#primaryimage\",\"url\":\"https:\\\/\\\/forgetwhite.com\\\/wp-content\\\/uploads\\\/Albulet-dupa-2.jpg\",\"contentUrl\":\"https:\\\/\\\/forgetwhite.com\\\/wp-content\\\/uploads\\\/Albulet-dupa-2.jpg\",\"width\":899,\"height\":1599},{\"@type\":\"BreadcrumbList\",\"@id\":\"https:\\\/\\\/forgetwhite.com\\\/ro\\\/doina-a-au-inceput-sa-creasca-fire-noi-de-culoare-inchisa\\\/#breadcrumb\",\"itemListElement\":[{\"@type\":\"ListItem\",\"position\":1,\"name\":\"Home\",\"item\":\"https:\\\/\\\/forgetwhite.com\\\/ro\\\/\"},{\"@type\":\"ListItem\",\"position\":2,\"name\":\"Doina A. &#8211; &#8220;au \u00eenceput s\u0103 creasc\u0103 fire noi de culoare \u00eenchis\u0103&#8221;\"}]},{\"@type\":\"WebSite\",\"@id\":\"https:\\\/\\\/forgetwhite.com\\\/ro\\\/#website\",\"url\":\"https:\\\/\\\/forgetwhite.com\\\/ro\\\/\",\"name\":\"Forget White\",\"description\":\"Uit\u0103 de firele albe!\",\"publisher\":{\"@id\":\"https:\\\/\\\/forgetwhite.com\\\/ro\\\/#organization\"},\"potentialAction\":[{\"@type\":\"SearchAction\",\"target\":{\"@type\":\"EntryPoint\",\"urlTemplate\":\"https:\\\/\\\/forgetwhite.com\\\/ro\\\/?s={search_term_string}\"},\"query-input\":{\"@type\":\"PropertyValueSpecification\",\"valueRequired\":true,\"valueName\":\"search_term_string\"}}],\"inLanguage\":\"ro-RO\"},{\"@type\":\"Organization\",\"@id\":\"https:\\\/\\\/forgetwhite.com\\\/ro\\\/#organization\",\"name\":\"Forget White\",\"url\":\"https:\\\/\\\/forgetwhite.com\\\/ro\\\/\",\"logo\":{\"@type\":\"ImageObject\",\"inLanguage\":\"ro-RO\",\"@id\":\"https:\\\/\\\/forgetwhite.com\\\/ro\\\/#\\\/schema\\\/logo\\\/image\\\/\",\"url\":\"https:\\\/\\\/forgetwhite.com\\\/wp-content\\\/uploads\\\/2021\\\/04\\\/logo.png\",\"contentUrl\":\"https:\\\/\\\/forgetwhite.com\\\/wp-content\\\/uploads\\\/2021\\\/04\\\/logo.png\",\"width\":500,\"height\":259,\"caption\":\"Forget White\"},\"image\":{\"@id\":\"https:\\\/\\\/forgetwhite.com\\\/ro\\\/#\\\/schema\\\/logo\\\/image\\\/\"},\"sameAs\":[\"https:\\\/\\\/www.facebook.com\\\/ForgetWhiteHair\",\"https:\\\/\\\/www.instagram.com\\\/forget_white.co\"]},{\"@type\":\"Person\",\"@id\":\"https:\\\/\\\/forgetwhite.com\\\/ro\\\/#\\\/schema\\\/person\\\/53b1a3e6131504edfbb35689ac53ca86\",\"name\":\"Forget White\",\"sameAs\":[\"http:\\\/\\\/forgetwhite.com\"],\"url\":\"https:\\\/\\\/forgetwhite.com\\\/ro\\\/author\\\/zexe\\\/\"}]}<\/script>\n<!-- \/ Yoast SEO plugin. -->","yoast_head_json":{"title":"Doina A. - \"au \u00eenceput s\u0103 creasc\u0103 fire noi de culoare \u00eenchis\u0103\" - Forget White","robots":{"index":"noindex","follow":"follow"},"og_locale":"ro_RO","og_type":"article","og_title":"Doina A. - \"au \u00eenceput s\u0103 creasc\u0103 fire noi de culoare \u00eenchis\u0103\" - Forget White","og_description":"[vc_row][vc_column][vc_column_text css=&#8221;&#8221; css_params=&#8221;&#8221;]V\u0103 trimit c\u00e2teva poze f\u0103cute la sf\u00e2r\u0219itul perioadei de aplicare a produsului, din 17 aprilie p\u00e2n\u0103 la 28 mai. Pe la jum\u0103tatea perioadei m-am tuns \u0219i am sc\u0103pat de p\u0103rul vopsit. Am observat mai bine c\u0103 au \u00eenceput s\u0103 creasc\u0103 fire noi de culoare \u00eenchis\u0103, firul este foarte aspru, p\u0103rul este mai des. [&hellip;]","og_url":"https:\/\/forgetwhite.com\/ro\/doina-a-au-inceput-sa-creasca-fire-noi-de-culoare-inchisa\/","og_site_name":"Forget White","article_publisher":"https:\/\/www.facebook.com\/ForgetWhiteHair","article_published_time":"2024-06-30T06:11:29+00:00","article_modified_time":"2025-02-20T07:15:50+00:00","og_image":[{"width":899,"height":1599,"url":"https:\/\/forgetwhite.com\/wp-content\/uploads\/Albulet-dupa-2.jpg","type":"image\/jpeg"}],"author":"Forget White","twitter_card":"summary_large_image","twitter_misc":{"Scris de":"Forget White","Timp estimat pentru citire":"Un minut"},"schema":{"@context":"https:\/\/schema.org","@graph":[{"@type":"Article","@id":"https:\/\/forgetwhite.com\/ro\/doina-a-au-inceput-sa-creasca-fire-noi-de-culoare-inchisa\/#article","isPartOf":{"@id":"https:\/\/forgetwhite.com\/ro\/doina-a-au-inceput-sa-creasca-fire-noi-de-culoare-inchisa\/"},"author":{"name":"Forget White","@id":"https:\/\/forgetwhite.com\/ro\/#\/schema\/person\/53b1a3e6131504edfbb35689ac53ca86"},"headline":"Doina A. &#8211; &#8220;au \u00eenceput s\u0103 creasc\u0103 fire noi de culoare \u00eenchis\u0103&#8221;","datePublished":"2024-06-30T06:11:29+00:00","dateModified":"2025-02-20T07:15:50+00:00","mainEntityOfPage":{"@id":"https:\/\/forgetwhite.com\/ro\/doina-a-au-inceput-sa-creasca-fire-noi-de-culoare-inchisa\/"},"wordCount":172,"commentCount":0,"publisher":{"@id":"https:\/\/forgetwhite.com\/ro\/#organization"},"image":{"@id":"https:\/\/forgetwhite.com\/ro\/doina-a-au-inceput-sa-creasca-fire-noi-de-culoare-inchisa\/#primaryimage"},"thumbnailUrl":"https:\/\/forgetwhite.com\/wp-content\/uploads\/Albulet-dupa-2.jpg","articleSection":["Testimoniale"],"inLanguage":"ro-RO","potentialAction":[{"@type":"CommentAction","name":"Comment","target":["https:\/\/forgetwhite.com\/ro\/doina-a-au-inceput-sa-creasca-fire-noi-de-culoare-inchisa\/#respond"]}]},{"@type":"WebPage","@id":"https:\/\/forgetwhite.com\/ro\/doina-a-au-inceput-sa-creasca-fire-noi-de-culoare-inchisa\/","url":"https:\/\/forgetwhite.com\/ro\/doina-a-au-inceput-sa-creasca-fire-noi-de-culoare-inchisa\/","name":"Doina A. - \"au \u00eenceput s\u0103 creasc\u0103 fire noi de culoare \u00eenchis\u0103\" - Forget White","isPartOf":{"@id":"https:\/\/forgetwhite.com\/ro\/#website"},"primaryImageOfPage":{"@id":"https:\/\/forgetwhite.com\/ro\/doina-a-au-inceput-sa-creasca-fire-noi-de-culoare-inchisa\/#primaryimage"},"image":{"@id":"https:\/\/forgetwhite.com\/ro\/doina-a-au-inceput-sa-creasca-fire-noi-de-culoare-inchisa\/#primaryimage"},"thumbnailUrl":"https:\/\/forgetwhite.com\/wp-content\/uploads\/Albulet-dupa-2.jpg","datePublished":"2024-06-30T06:11:29+00:00","dateModified":"2025-02-20T07:15:50+00:00","breadcrumb":{"@id":"https:\/\/forgetwhite.com\/ro\/doina-a-au-inceput-sa-creasca-fire-noi-de-culoare-inchisa\/#breadcrumb"},"inLanguage":"ro-RO","potentialAction":[{"@type":"ReadAction","target":["https:\/\/forgetwhite.com\/ro\/doina-a-au-inceput-sa-creasca-fire-noi-de-culoare-inchisa\/"]}]},{"@type":"ImageObject","inLanguage":"ro-RO","@id":"https:\/\/forgetwhite.com\/ro\/doina-a-au-inceput-sa-creasca-fire-noi-de-culoare-inchisa\/#primaryimage","url":"https:\/\/forgetwhite.com\/wp-content\/uploads\/Albulet-dupa-2.jpg","contentUrl":"https:\/\/forgetwhite.com\/wp-content\/uploads\/Albulet-dupa-2.jpg","width":899,"height":1599},{"@type":"BreadcrumbList","@id":"https:\/\/forgetwhite.com\/ro\/doina-a-au-inceput-sa-creasca-fire-noi-de-culoare-inchisa\/#breadcrumb","itemListElement":[{"@type":"ListItem","position":1,"name":"Home","item":"https:\/\/forgetwhite.com\/ro\/"},{"@type":"ListItem","position":2,"name":"Doina A. &#8211; &#8220;au \u00eenceput s\u0103 creasc\u0103 fire noi de culoare \u00eenchis\u0103&#8221;"}]},{"@type":"WebSite","@id":"https:\/\/forgetwhite.com\/ro\/#website","url":"https:\/\/forgetwhite.com\/ro\/","name":"Forget White","description":"Uit\u0103 de firele albe!","publisher":{"@id":"https:\/\/forgetwhite.com\/ro\/#organization"},"potentialAction":[{"@type":"SearchAction","target":{"@type":"EntryPoint","urlTemplate":"https:\/\/forgetwhite.com\/ro\/?s={search_term_string}"},"query-input":{"@type":"PropertyValueSpecification","valueRequired":true,"valueName":"search_term_string"}}],"inLanguage":"ro-RO"},{"@type":"Organization","@id":"https:\/\/forgetwhite.com\/ro\/#organization","name":"Forget White","url":"https:\/\/forgetwhite.com\/ro\/","logo":{"@type":"ImageObject","inLanguage":"ro-RO","@id":"https:\/\/forgetwhite.com\/ro\/#\/schema\/logo\/image\/","url":"https:\/\/forgetwhite.com\/wp-content\/uploads\/2021\/04\/logo.png","contentUrl":"https:\/\/forgetwhite.com\/wp-content\/uploads\/2021\/04\/logo.png","width":500,"height":259,"caption":"Forget White"},"image":{"@id":"https:\/\/forgetwhite.com\/ro\/#\/schema\/logo\/image\/"},"sameAs":["https:\/\/www.facebook.com\/ForgetWhiteHair","https:\/\/www.instagram.com\/forget_white.co"]},{"@type":"Person","@id":"https:\/\/forgetwhite.com\/ro\/#\/schema\/person\/53b1a3e6131504edfbb35689ac53ca86","name":"Forget White","sameAs":["http:\/\/forgetwhite.com"],"url":"https:\/\/forgetwhite.com\/ro\/author\/zexe\/"}]}},"_links":{"self":[{"href":"https:\/\/forgetwhite.com\/ro\/wp-json\/wp\/v2\/posts\/18577","targetHints":{"allow":["GET"]}}],"collection":[{"href":"https:\/\/forgetwhite.com\/ro\/wp-json\/wp\/v2\/posts"}],"about":[{"href":"https:\/\/forgetwhite.com\/ro\/wp-json\/wp\/v2\/types\/post"}],"author":[{"embeddable":true,"href":"https:\/\/forgetwhite.com\/ro\/wp-json\/wp\/v2\/users\/3981736624085205"}],"replies":[{"embeddable":true,"href":"https:\/\/forgetwhite.com\/ro\/wp-json\/wp\/v2\/comments?post=18577"}],"version-history":[{"count":1,"href":"https:\/\/forgetwhite.com\/ro\/wp-json\/wp\/v2\/posts\/18577\/revisions"}],"predecessor-version":[{"id":18594,"href":"https:\/\/forgetwhite.com\/ro\/wp-json\/wp\/v2\/posts\/18577\/revisions\/18594"}],"wp:featuredmedia":[{"embeddable":true,"href":"https:\/\/forgetwhite.com\/ro\/wp-json\/wp\/v2\/media\/18588"}],"wp:attachment":[{"href":"https:\/\/forgetwhite.com\/ro\/wp-json\/wp\/v2\/media?parent=18577"}],"wp:term":[{"taxonomy":"category","embeddable":true,"href":"https:\/\/forgetwhite.com\/ro\/wp-json\/wp\/v2\/categories?post=18577"},{"taxonomy":"post_tag","embeddable":true,"href":"https:\/\/forgetwhite.com\/ro\/wp-json\/wp\/v2\/tags?post=18577"}],"curies":[{"name":"wp","href":"https:\/\/api.w.org\/{rel}","templated":true}]}}